{"id":2167,"date":"2022-12-19T15:16:13","date_gmt":"2022-12-19T15:16:13","guid":{"rendered":"https:\/\/test.tolkieniana.net\/?p=2167"},"modified":"2022-12-20T17:21:53","modified_gmt":"2022-12-20T17:21:53","slug":"nota-29-tolkien-filologo-e-il-nanico","status":"publish","type":"post","link":"https:\/\/nuova.tolkieniana.net\/index.php\/2022\/12\/19\/nota-29-tolkien-filologo-e-il-nanico\/","title":{"rendered":"Nota 29 &#8211; Tolkien filologo e il nanico"},"content":{"rendered":"\t\t<div data-elementor-type=\"wp-post\" data-elementor-id=\"2167\" class=\"elementor elementor-2167\">\n\t\t\t\t\t\t<section class=\"elementor-section elementor-top-section elementor-element elementor-element-26eccff elementor-section-boxed elementor-section-height-default elementor-section-height-default\" data-id=\"26eccff\" data-element_type=\"section\" data-e-type=\"section\">\n\t\t\t\t\t\t<div class=\"elementor-container elementor-column-gap-default\">\n\t\t\t\t\t<div class=\"elementor-column elementor-col-100 elementor-top-column elementor-element elementor-element-227477d\" data-id=\"227477d\" data-element_type=\"column\" data-e-type=\"column\">\n\t\t\t<div class=\"elementor-widget-wrap elementor-element-populated\">\n\t\t\t\t\t\t<div class=\"elementor-element elementor-element-f88d89c elementor-widget elementor-widget-heading\" data-id=\"f88d89c\" data-element_type=\"widget\" data-e-type=\"widget\" data-widget_type=\"heading.default\">\n\t\t\t\t<div class=\"elementor-widget-container\">\n\t\t\t\t\t<h1 class=\"elementor-heading-title elementor-size-default\">Nota 29 - Tolkien filologo e il nanico<\/h1>\t\t\t\t<\/div>\n\t\t\t\t<\/div>\n\t\t\t\t\t<\/div>\n\t\t<\/div>\n\t\t\t\t\t<\/div>\n\t\t<\/section>\n\t\t\t\t<section class=\"elementor-section elementor-top-section elementor-element elementor-element-598f03e elementor-section-boxed elementor-section-height-default elementor-section-height-default\" data-id=\"598f03e\" data-element_type=\"section\" data-e-type=\"section\">\n\t\t\t\t\t\t<div class=\"elementor-container elementor-column-gap-default\">\n\t\t\t\t\t<div class=\"elementor-column elementor-col-100 elementor-top-column elementor-element elementor-element-0f43995\" data-id=\"0f43995\" data-element_type=\"column\" data-e-type=\"column\">\n\t\t\t<div class=\"elementor-widget-wrap elementor-element-populated\">\n\t\t\t\t\t\t<div class=\"elementor-element elementor-element-4acef0d elementor-widget elementor-widget-heading\" data-id=\"4acef0d\" data-element_type=\"widget\" data-e-type=\"widget\" data-widget_type=\"heading.default\">\n\t\t\t\t<div class=\"elementor-widget-container\">\n\t\t\t\t\t<h2 class=\"elementor-heading-title elementor-size-medium\">di Alice Foti e Gianluca Comastri, a cura di Greta Bertani, consulenza linguistica di Michele Miatello<\/h2>\t\t\t\t<\/div>\n\t\t\t\t<\/div>\n\t\t\t\t\t<\/div>\n\t\t<\/div>\n\t\t\t\t\t<\/div>\n\t\t<\/section>\n\t\t\t\t<section class=\"elementor-section elementor-top-section elementor-element elementor-element-1fdd028 elementor-section-boxed elementor-section-height-default elementor-section-height-default\" data-id=\"1fdd028\" data-element_type=\"section\" data-e-type=\"section\">\n\t\t\t\t\t\t<div class=\"elementor-container elementor-column-gap-default\">\n\t\t\t\t\t<div class=\"elementor-column elementor-col-100 elementor-top-column elementor-element elementor-element-5dc99d1\" data-id=\"5dc99d1\" data-element_type=\"column\" data-e-type=\"column\">\n\t\t\t<div class=\"elementor-widget-wrap elementor-element-populated\">\n\t\t\t\t\t\t<div class=\"elementor-element elementor-element-cbe9746 elementor-widget elementor-widget-spacer\" data-id=\"cbe9746\" data-element_type=\"widget\" data-e-type=\"widget\" data-widget_type=\"spacer.default\">\n\t\t\t\t<div class=\"elementor-widget-container\">\n\t\t\t\t\t\t\t<div class=\"elementor-spacer\">\n\t\t\t<div class=\"elementor-spacer-inner\"><\/div>\n\t\t<\/div>\n\t\t\t\t\t\t<\/div>\n\t\t\t\t<\/div>\n\t\t\t\t<div class=\"elementor-element elementor-element-66072da elementor-widget elementor-widget-text-editor\" data-id=\"66072da\" data-element_type=\"widget\" data-e-type=\"widget\" data-widget_type=\"text-editor.default\">\n\t\t\t\t<div class=\"elementor-widget-container\">\n\t\t\t\t\t\t\t\t\t<p><span style=\"font-weight: 400;\">L\u2019interesse di Tolkien per il mondo della filologia fu corroborato dagli studi compiuti durante gli anni ad Oxford. Infatti, assai rilevanti furono l\u2019incontro con il medievalista George Brewerton, che incoraggiava gli alunni a leggere lo scrittore britannico Chaucer nell\u2019originale inglese medievale, rivelazione che spinse Tolkien ad approfondire la storia della lingua inglese e il tassello medievale della sua letteratura. Lo studio della filologia comparata, insegnata dal filologo Joseph Wright, introdurr\u00e0 Tolkien all\u2019approfondimento del gallese medievale, allo studio del celtico, del norreno e del finnico e dei testi che tesseranno gli albori del suo vasto orizzonte letterario e dei primi abbozzi delle sue invenzioni linguistiche: dal <\/span><i><span style=\"font-weight: 400;\">Christ<\/span><\/i><span style=\"font-weight: 400;\"> di Cynewulf all\u2019<\/span><i><span style=\"font-weight: 400;\">Edda<\/span><\/i><span style=\"font-weight: 400;\"> antica e alcune delle opere di William Morris, tra cui <\/span><i><span style=\"font-weight: 400;\">The Life and Death of Jason<\/span><\/i><span style=\"font-weight: 400;\">, <\/span><i><span style=\"font-weight: 400;\">V\u00f6lsungasaga<\/span><\/i><span style=\"font-weight: 400;\"> e soprattutto <\/span><i><span style=\"font-weight: 400;\">The House of the Wolfings<\/span><\/i><span style=\"font-weight: 400;\">.<\/span><\/p>\n<p><span style=\"font-weight: 400;\">Tali studi, che hanno formato professionalmente J.R.R. Tolkien, vanno considerati come il punto di partenza da cui il vasto corpus tolkieniano prese inizialmente spunto.<\/span><\/p>\n<p><span style=\"font-weight: 400;\">A sostegno di quanto scrive Kilby, \u00e8 possibile precisare che i linguaggi artificiali costruiti da J.R.R. Tolkien vanno considerati come lingue a posteriori, ovvero lingue artificiali in cui gran parte della grammatica e del vocabolario sono ispirati da una o pi\u00f9 lingue naturali; questo vuol dire che i suddetti linguaggi ricostruiti possiedono determinati sostrati linguistici che si trovano nelle competenze linguistiche del suo creatore.<\/span><\/p>\n<p><span style=\"font-weight: 400;\">Nonostante alcuni studiosi ritengano che, sulla questione della scelta dei nomi per i luoghi e i personaggi e per una loro conseguente elaborazione linguistica, Tolkien abbia preso spunto dai suoi studi per la creazione del suo corpus linguistico\/letterario, la posizione della comunit\u00e0 degli studiosi delle lingue della Terra di Mezzo (con cui ci riteniamo d\u2019accordo) \u00e8 pi\u00f9 cauta sull\u2019argomento, evitando di creare collegamenti forzati laddove non siano esplicitamente dichiarati dall\u2019autore o dove il suo pensiero esplicito lasci intendere collegamenti e fonti differenti.<\/span><\/p>\n<p><span style=\"font-weight: 400;\">Edouard J. Kloczko nel suo libro <\/span><i><span style=\"font-weight: 400;\">Lingue degli Hobbit, dei Nani, degli Orchi<\/span><\/i><a href=\"#nota1\"><span style=\"font-weight: 400;\">[1]<\/span><\/a><span style=\"font-weight: 400;\">, in riferimento alla lingua dei Nani, sostiene che \u201c<\/span><i><span style=\"font-weight: 400;\">il germe di una lingua dei Nani risale al nome M\u00eem, il Nano del racconto di Turambar e il Foal\u00f3k\u00eb. M\u00eem non era un nome elfico, Tolkien lo ha preso dalle antiche tradizioni scandinave, come far\u00e0 pi\u00f9 tardi con i nomi Dwalin, Fili, Kili ecc. dell\u2019Hobbit, perch\u00e9 la storia di Turambar e il Foal\u00f3k\u00eb deve molto alla V\u00f6lsungasaga e Turin a Sigurd, l\u2019uccisore del drago Fafnir delle leggende scandinave. [\u2026] Tolkien doveva conoscere da William Morris la storia dei Volsunghi<\/span><\/i><span style=\"font-weight: 400;\">: The story of the Volsung and Niblungs<\/span><i><span style=\"font-weight: 400;\"> [\u2026]. \u00c8 a partire da questi diversi elementi che cre\u00f2 il suo M\u00eem, Nano guardiano del tesoro di Glorund il drago.\u201d<\/span><\/i><\/p>\n<p><span style=\"font-weight: 400;\">La prima stesura del racconto in cui compare il nome del nanerottolo M\u00eem<\/span> <span style=\"font-weight: 400;\">risale al 1916-17, ossia la prima versione del legendarium con <\/span><i><span style=\"font-weight: 400;\">Il Libro dei Racconti Perduti<\/span><\/i><span style=\"font-weight: 400;\"><a href=\"#nota2\">[2]<\/a>. In questa prima versione gli altri Nani presenti nella vicenda hanno sicuramente tutti nomi in Gnomico (<\/span><i><span style=\"font-weight: 400;\">Gnomish<\/span><\/i><span style=\"font-weight: 400;\"> in inglese<a href=\"#nota3\">[3]<\/a><\/span><span style=\"font-weight: 400;\">). Inoltre, in questa versione la grafia del nome era Mim<a href=\"#nota4\">[4]<\/a><\/span><span style=\"font-weight: 400;\">.<\/span><\/p>\n<p><span style=\"font-weight: 400;\">Nella rivista <\/span><i><span style=\"font-weight: 400;\">Parma Eladalamberon<\/span><\/i><span style=\"font-weight: 400;\"> n. 11 viene pubblicato \u201cThe Gnomic Lexicon\u201d, ossia il vocabolario del linguaggio Gnomico in cui compare la parola <\/span><i><span style=\"font-weight: 400;\">mim<\/span><\/i><span style=\"font-weight: 400;\"> con significato di \u201cgomma\u201d<a href=\"#nota5\">[5]<\/a><\/span><span style=\"font-weight: 400;\">. L\u2019esistenza di tale parola non deve necessariamente far pensare ad un sicuro collegamento con il Nanerottolo, in quanto gli studiosi dubitano che in questa occorrenza la parola sia di origine nanica, n\u00e9 tantomeno sia il primo germe di tale linguaggio.<\/span><\/p>\n<p><span style=\"font-weight: 400;\">Tolkien fa menzione di un idioma dei Nani<a href=\"#nota6\">[6]<\/a><\/span><span style=\"font-weight: 400;\"> solo nella seconda met\u00e0 degli anni \u201830 e nel 1937 compaiono le prime parole attestate in lingua nanica e la narrazione della sua storia interna<a href=\"#nota7\">[7]<\/a><\/span><span style=\"font-weight: 400;\">.<\/span><\/p>\n<p><span style=\"font-weight: 400;\">Inoltre, in pi\u00f9 occasioni Tolkien afferm\u00f2 che aveva concepito la cultura dei Nani per assomigliare al popolo ebraico e che il loro linguaggio aveva un gusto semitico (non norreno)<a href=\"#nota8\">[8]<\/a><\/span><span style=\"font-weight: 400;\">.<\/span><\/p>\n<p><span style=\"font-weight: 400;\">Infine, i nomi dei Nani de <\/span><i><span style=\"font-weight: 400;\">Lo Hobbit<\/span><\/i><span style=\"font-weight: 400;\"> sono effettivamente tratti dal poema eddico <\/span><i><span style=\"font-weight: 400;\">V\u01eblusp\u00e1<\/span><\/i><span style=\"font-weight: 400;\">, come anche il nome <\/span><i><span style=\"font-weight: 400;\">Gandalf<\/span><\/i><span style=\"font-weight: 400;\"> (<\/span><i><span style=\"font-weight: 400;\">Gand\u00e1lfr<\/span><\/i><span style=\"font-weight: 400;\"> nel poema norreno). Ma su questi nomi Tolkien non fece mai un\u2019elaborazione linguistica n\u00e9 filologica, n\u00e9 si preoccup\u00f2 di dare loro un significato etimologico che li potesse ricondurre alla lingua dei Nani. Di conseguenza dobbiamo presupporre che si tratti di nomignoli o soprannomi che non hanno niente a che fare con l\u2019idioma nanico, inseriti piuttosto nella prima stesura de Lo Hobbit quando questo era ancora una semplice fiaba della buonanotte raccontata ai propri figli. \u00c8 infatti risaputo che Tolkien riedit\u00f2 <\/span><i><span style=\"font-weight: 400;\">Lo Hobbit<\/span><\/i><span style=\"font-weight: 400;\"> dopo la stesura del <\/span><i><span style=\"font-weight: 400;\">Signore degli Anelli<\/span><\/i><span style=\"font-weight: 400;\"> per renderlo compatibile con la nuova storia, ma i nomi rimasero quelli.<\/span><\/p>\n<p><span style=\"font-weight: 400;\">Non c\u2019\u00e8 di conseguenza ragione di credere che la lingua nanica abbia avuto ispirazioni dal norreno, n\u00e9 che sia stata concepita prima della seconda met\u00e0 degli anni \u201830.<\/span><\/p>\n<p><span style=\"font-weight: 400;\">Cautamente quindi, possiamo affermare che effettivamente Tolkien si ispir\u00f2 a linguaggi del mondo primario nella creazione delle sue lingue ricostruite, ma sempre coerentemente al gusto linguistico che egli voleva attribuire a ogni singolo linguaggio.<\/span><\/p>\t\t\t\t\t\t\t\t<\/div>\n\t\t\t\t<\/div>\n\t\t\t\t\t<\/div>\n\t\t<\/div>\n\t\t\t\t\t<\/div>\n\t\t<\/section>\n\t\t\t\t<section class=\"elementor-section elementor-top-section elementor-element elementor-element-684723d elementor-section-boxed elementor-section-height-default elementor-section-height-default\" data-id=\"684723d\" data-element_type=\"section\" data-e-type=\"section\">\n\t\t\t\t\t\t<div class=\"elementor-container elementor-column-gap-default\">\n\t\t\t\t\t<div class=\"elementor-column elementor-col-100 elementor-top-column elementor-element elementor-element-2f4d9ca\" data-id=\"2f4d9ca\" data-element_type=\"column\" data-e-type=\"column\">\n\t\t\t<div class=\"elementor-widget-wrap elementor-element-populated\">\n\t\t\t\t\t\t<div class=\"elementor-element elementor-element-2c0adde elementor-widget-divider--view-line elementor-widget elementor-widget-divider\" data-id=\"2c0adde\" data-element_type=\"widget\" data-e-type=\"widget\" data-widget_type=\"divider.default\">\n\t\t\t\t<div class=\"elementor-widget-container\">\n\t\t\t\t\t\t\t<div class=\"elementor-divider\">\n\t\t\t<span class=\"elementor-divider-separator\">\n\t\t\t\t\t\t<\/span>\n\t\t<\/div>\n\t\t\t\t\t\t<\/div>\n\t\t\t\t<\/div>\n\t\t\t\t\t<\/div>\n\t\t<\/div>\n\t\t\t\t\t<\/div>\n\t\t<\/section>\n\t\t\t\t<section class=\"elementor-section elementor-top-section elementor-element elementor-element-41bbf70 elementor-section-boxed elementor-section-height-default elementor-section-height-default\" data-id=\"41bbf70\" data-element_type=\"section\" data-e-type=\"section\">\n\t\t\t\t\t\t<div class=\"elementor-container elementor-column-gap-default\">\n\t\t\t\t\t<div class=\"elementor-column elementor-col-100 elementor-top-column elementor-element elementor-element-9453d1f\" data-id=\"9453d1f\" data-element_type=\"column\" data-e-type=\"column\">\n\t\t\t<div class=\"elementor-widget-wrap elementor-element-populated\">\n\t\t\t\t\t\t<div class=\"elementor-element elementor-element-7ed338e elementor-widget elementor-widget-text-editor\" data-id=\"7ed338e\" data-element_type=\"widget\" data-e-type=\"widget\" id=\"nota1\" data-widget_type=\"text-editor.default\">\n\t\t\t\t<div class=\"elementor-widget-container\">\n\t\t\t\t\t\t\t\t\t<p style=\"text-align: justify; font-size: 14px;\"><span style=\"font-weight: 400;\">[1] Edouard J. Kloczko, <\/span><i><span style=\"font-weight: 400;\">Lingue degli Hobbit, dei Nani, degli Orchi<\/span><\/i><span style=\"font-weight: 400;\">, Tre Editori, Roma 2002, p. 43<\/span><\/p>\t\t\t\t\t\t\t\t<\/div>\n\t\t\t\t<\/div>\n\t\t\t\t<div class=\"elementor-element elementor-element-8643237 elementor-widget elementor-widget-text-editor\" data-id=\"8643237\" data-element_type=\"widget\" data-e-type=\"widget\" id=\"nota2\" data-widget_type=\"text-editor.default\">\n\t\t\t\t<div class=\"elementor-widget-container\">\n\t\t\t\t\t\t\t\t\t<p style=\"text-align: justify; font-size: 14px;\">[2] <span style=\"font-weight: 400;\">J.R.R. Tolkien, C. Tolkien (ed.), <\/span><i><span style=\"font-weight: 400;\">The Book of Lost Tales II<\/span><\/i><span style=\"font-weight: 400;\">, George Allen &amp; Unwin, London 1983, pp. 103, 113-114, 222-223, 230.<\/span><\/p>\t\t\t\t\t\t\t\t<\/div>\n\t\t\t\t<\/div>\n\t\t\t\t\t<\/div>\n\t\t<\/div>\n\t\t\t\t\t<\/div>\n\t\t<\/section>\n\t\t\t\t<section class=\"elementor-section elementor-top-section elementor-element elementor-element-ef42023 elementor-section-boxed elementor-section-height-default elementor-section-height-default\" data-id=\"ef42023\" data-element_type=\"section\" data-e-type=\"section\">\n\t\t\t\t\t\t<div class=\"elementor-container elementor-column-gap-default\">\n\t\t\t\t\t<div class=\"elementor-column elementor-col-100 elementor-top-column elementor-element elementor-element-bab1973\" data-id=\"bab1973\" data-element_type=\"column\" data-e-type=\"column\">\n\t\t\t<div class=\"elementor-widget-wrap elementor-element-populated\">\n\t\t\t\t\t\t<div class=\"elementor-element elementor-element-dac0010 elementor-widget elementor-widget-text-editor\" data-id=\"dac0010\" data-element_type=\"widget\" data-e-type=\"widget\" id=\"nota3\" data-widget_type=\"text-editor.default\">\n\t\t\t\t<div class=\"elementor-widget-container\">\n\t\t\t\t\t\t\t\t\t<p style=\"text-align: justify; font-size: 14px;\"><span style=\"font-weight: 400;\">[3] Lo Gnomish \u00e8 l\u2019antenato concettuale del Noldorin (quest\u2019ultimo apparso circa nel 1930) e successivamente del Sindarin (sviluppato durante la stesura del <\/span><i><span style=\"font-weight: 400;\">Signore degli Anelli<\/span><\/i><span style=\"font-weight: 400;\"> negli anni \u201850). \u00c8 la lingua utilizzata dagli Gnomi o Goldogrin, successivamente chiamati Noldor, ossia la stirpe degli gli Elfi sapienti (dal greco <\/span><i><span style=\"font-weight: 400;\">gnosis,<\/span><\/i><span style=\"font-weight: 400;\"> \u201cconoscenza\u201d), prima che Tolkien rivoluzionasse le relazioni linguistiche tra le stirpi elfiche definendo la forma pubblicata postuma nel <\/span><i><span style=\"font-weight: 400;\">Silmarillion<\/span><\/i><span style=\"font-weight: 400;\">. \u00c8 un linguaggio dal gusto celtico.<\/span><\/p>\t\t\t\t\t\t\t\t<\/div>\n\t\t\t\t<\/div>\n\t\t\t\t\t<\/div>\n\t\t<\/div>\n\t\t\t\t\t<\/div>\n\t\t<\/section>\n\t\t\t\t<section class=\"elementor-section elementor-top-section elementor-element elementor-element-bd17589 elementor-section-boxed elementor-section-height-default elementor-section-height-default\" data-id=\"bd17589\" data-element_type=\"section\" data-e-type=\"section\">\n\t\t\t\t\t\t<div class=\"elementor-container elementor-column-gap-default\">\n\t\t\t\t\t<div class=\"elementor-column elementor-col-100 elementor-top-column elementor-element elementor-element-caf0f41\" data-id=\"caf0f41\" data-element_type=\"column\" data-e-type=\"column\">\n\t\t\t<div class=\"elementor-widget-wrap elementor-element-populated\">\n\t\t\t\t\t\t<div class=\"elementor-element elementor-element-501d775 elementor-widget elementor-widget-text-editor\" data-id=\"501d775\" data-element_type=\"widget\" data-e-type=\"widget\" id=\"nota4\" data-widget_type=\"text-editor.default\">\n\t\t\t\t<div class=\"elementor-widget-container\">\n\t\t\t\t\t\t\t\t\t<p style=\"text-align: justify; font-size: 14px;\"><span style=\"font-weight: 400;\">[4]\u00a0J.R.R. Tolkien, C. Tolkien (ed.), <\/span><i><span style=\"font-weight: 400;\">The Book of Lost Tales II<\/span><\/i><span style=\"font-weight: 400;\">, op. cit., p. 1.<\/span><\/p>\t\t\t\t\t\t\t\t<\/div>\n\t\t\t\t<\/div>\n\t\t\t\t\t<\/div>\n\t\t<\/div>\n\t\t\t\t\t<\/div>\n\t\t<\/section>\n\t\t\t\t<section class=\"elementor-section elementor-top-section elementor-element elementor-element-eb861f2 elementor-section-boxed elementor-section-height-default elementor-section-height-default\" data-id=\"eb861f2\" data-element_type=\"section\" data-e-type=\"section\">\n\t\t\t\t\t\t<div class=\"elementor-container elementor-column-gap-default\">\n\t\t\t\t\t<div class=\"elementor-column elementor-col-100 elementor-top-column elementor-element elementor-element-5dedb1c\" data-id=\"5dedb1c\" data-element_type=\"column\" data-e-type=\"column\">\n\t\t\t<div class=\"elementor-widget-wrap elementor-element-populated\">\n\t\t\t\t\t\t<div class=\"elementor-element elementor-element-a42b4c7 elementor-widget elementor-widget-text-editor\" data-id=\"a42b4c7\" data-element_type=\"widget\" data-e-type=\"widget\" id=\"nota5\" data-widget_type=\"text-editor.default\">\n\t\t\t\t<div class=\"elementor-widget-container\">\n\t\t\t\t\t\t\t\t\t<p style=\"text-align: justify; font-size: 14px;\"><span style=\"font-weight: 400;\">[5] J.R.R. Tolkien \u2013 Christopher Gilson, Patrick Wynne, Arden R. Smith, Carl F. Hostetter (ed.), <\/span><i><span style=\"font-weight: 400;\">Parma Eldalamberon<\/span><\/i><span style=\"font-weight: 400;\"> n. 11, The Tolkien Trust, 1995, p. 57<\/span><\/p>\t\t\t\t\t\t\t\t<\/div>\n\t\t\t\t<\/div>\n\t\t\t\t\t<\/div>\n\t\t<\/div>\n\t\t\t\t\t<\/div>\n\t\t<\/section>\n\t\t\t\t<section class=\"elementor-section elementor-top-section elementor-element elementor-element-a94929d elementor-section-boxed elementor-section-height-default elementor-section-height-default\" data-id=\"a94929d\" data-element_type=\"section\" data-e-type=\"section\">\n\t\t\t\t\t\t<div class=\"elementor-container elementor-column-gap-default\">\n\t\t\t\t\t<div class=\"elementor-column elementor-col-100 elementor-top-column elementor-element elementor-element-cfc2cdf\" data-id=\"cfc2cdf\" data-element_type=\"column\" data-e-type=\"column\">\n\t\t\t<div class=\"elementor-widget-wrap elementor-element-populated\">\n\t\t\t\t\t\t<div class=\"elementor-element elementor-element-d4239ab elementor-widget elementor-widget-text-editor\" data-id=\"d4239ab\" data-element_type=\"widget\" data-e-type=\"widget\" id=\"nota6\" data-widget_type=\"text-editor.default\">\n\t\t\t\t<div class=\"elementor-widget-container\">\n\t\t\t\t\t\t\t\t\t<p style=\"text-align: justify; font-size: 14px;\"><span style=\"font-weight: 400;\">[6] J.R.R. Tolkien, C. Tolkien (ed.), <\/span><i><span style=\"font-weight: 400;\">The Shaping of Middle-earth<\/span><\/i><span style=\"font-weight: 400;\">, George Allen &amp; Unwin, London 1986, p. 104<\/span><\/p>\t\t\t\t\t\t\t\t<\/div>\n\t\t\t\t<\/div>\n\t\t\t\t\t<\/div>\n\t\t<\/div>\n\t\t\t\t\t<\/div>\n\t\t<\/section>\n\t\t\t\t<section class=\"elementor-section elementor-top-section elementor-element elementor-element-1af4147 elementor-section-boxed elementor-section-height-default elementor-section-height-default\" data-id=\"1af4147\" data-element_type=\"section\" data-e-type=\"section\">\n\t\t\t\t\t\t<div class=\"elementor-container elementor-column-gap-default\">\n\t\t\t\t\t<div class=\"elementor-column elementor-col-100 elementor-top-column elementor-element elementor-element-6697bd5\" data-id=\"6697bd5\" data-element_type=\"column\" data-e-type=\"column\">\n\t\t\t<div class=\"elementor-widget-wrap elementor-element-populated\">\n\t\t\t\t\t\t<div class=\"elementor-element elementor-element-7374131 elementor-widget elementor-widget-text-editor\" data-id=\"7374131\" data-element_type=\"widget\" data-e-type=\"widget\" id=\"nota7\" data-widget_type=\"text-editor.default\">\n\t\t\t\t<div class=\"elementor-widget-container\">\n\t\t\t\t\t\t\t\t\t<p style=\"text-align: justify; font-size: 14px;\"><span style=\"font-weight: 400;\">[7] J.R.R. Tolkien, C. Tolkien (ed.), <\/span><i><span style=\"font-weight: 400;\">The Lost Road and other writings<\/span><\/i><span style=\"font-weight: 400;\">, Unwin Hyman, London 1987, pp. 273-274.<\/span><p>\t\t\t\t\t\t\t\t<\/div>\n\t\t\t\t<\/div>\n\t\t\t\t\t<\/div>\n\t\t<\/div>\n\t\t\t\t\t<\/div>\n\t\t<\/section>\n\t\t\t\t<section class=\"elementor-section elementor-top-section elementor-element elementor-element-45a8020 elementor-section-boxed elementor-section-height-default elementor-section-height-default\" data-id=\"45a8020\" data-element_type=\"section\" data-e-type=\"section\">\n\t\t\t\t\t\t<div class=\"elementor-container elementor-column-gap-default\">\n\t\t\t\t\t<div class=\"elementor-column elementor-col-100 elementor-top-column elementor-element elementor-element-c187bfe\" data-id=\"c187bfe\" data-element_type=\"column\" data-e-type=\"column\">\n\t\t\t<div class=\"elementor-widget-wrap elementor-element-populated\">\n\t\t\t\t\t\t<div class=\"elementor-element elementor-element-a07175e elementor-widget elementor-widget-text-editor\" data-id=\"a07175e\" data-element_type=\"widget\" data-e-type=\"widget\" id=\"nota8\" data-widget_type=\"text-editor.default\">\n\t\t\t\t<div class=\"elementor-widget-container\">\n\t\t\t\t\t\t\t\t\t<p style=\"text-align: justify; font-size: 14px;\"><span style=\"font-weight: 400;\">[8] Vedi la nota 44 del presente saggio.<\/span><\/p>\t\t\t\t\t\t\t\t<\/div>\n\t\t\t\t<\/div>\n\t\t\t\t\t<\/div>\n\t\t<\/div>\n\t\t\t\t\t<\/div>\n\t\t<\/section>\n\t\t\t\t<\/div>\n\t\t","protected":false},"excerpt":{"rendered":"<p>Nota 29 &#8211; Tolkien filologo e il nanico di Alice Foti e Gianluca Comastri, a cura di Greta Bertani, consulenza linguistica di Michele Miatello L\u2019interesse di Tolkien per il mondo della filologia fu corroborato dagli studi compiuti durante gli anni ad Oxford. Infatti, assai rilevanti furono l\u2019incontro con il medievalista George Brewerton, che incoraggiava gli&hellip;&nbsp;<a href=\"https:\/\/nuova.tolkieniana.net\/index.php\/2022\/12\/19\/nota-29-tolkien-filologo-e-il-nanico\/\" rel=\"bookmark\">Leggi tutto &raquo;<span class=\"screen-reader-text\">Nota 29 &#8211; Tolkien filologo e il nanico<\/span><\/a><\/p>\n","protected":false},"author":9,"featured_media":0,"comment_status":"closed","ping_status":"closed","sticky":false,"template":"","format":"standard","meta":{"neve_meta_sidebar":"","neve_meta_container":"","neve_meta_enable_content_width":"","neve_meta_content_width":0,"neve_meta_title_alignment":"","neve_meta_author_avatar":"","neve_post_elements_order":"[\"thumbnail\",\"content\",\"tags\"]","neve_meta_disable_header":"","neve_meta_disable_footer":"","neve_meta_disable_title":"","footnotes":""},"categories":[157],"tags":[],"class_list":["post-2167","post","type-post","status-publish","format-standard","hentry","category-note-kilby"],"_links":{"self":[{"href":"https:\/\/nuova.tolkieniana.net\/index.php\/wp-json\/wp\/v2\/posts\/2167","targetHints":{"allow":["GET"]}}],"collection":[{"href":"https:\/\/nuova.tolkieniana.net\/index.php\/wp-json\/wp\/v2\/posts"}],"about":[{"href":"https:\/\/nuova.tolkieniana.net\/index.php\/wp-json\/wp\/v2\/types\/post"}],"author":[{"embeddable":true,"href":"https:\/\/nuova.tolkieniana.net\/index.php\/wp-json\/wp\/v2\/users\/9"}],"replies":[{"embeddable":true,"href":"https:\/\/nuova.tolkieniana.net\/index.php\/wp-json\/wp\/v2\/comments?post=2167"}],"version-history":[{"count":31,"href":"https:\/\/nuova.tolkieniana.net\/index.php\/wp-json\/wp\/v2\/posts\/2167\/revisions"}],"predecessor-version":[{"id":2225,"href":"https:\/\/nuova.tolkieniana.net\/index.php\/wp-json\/wp\/v2\/posts\/2167\/revisions\/2225"}],"wp:attachment":[{"href":"https:\/\/nuova.tolkieniana.net\/index.php\/wp-json\/wp\/v2\/media?parent=2167"}],"wp:term":[{"taxonomy":"category","embeddable":true,"href":"https:\/\/nuova.tolkieniana.net\/index.php\/wp-json\/wp\/v2\/categories?post=2167"},{"taxonomy":"post_tag","embeddable":true,"href":"https:\/\/nuova.tolkieniana.net\/index.php\/wp-json\/wp\/v2\/tags?post=2167"}],"curies":[{"name":"wp","href":"https:\/\/api.w.org\/{rel}","templated":true}]}}